{"id":4839,"date":"2025-09-24T15:10:25","date_gmt":"2025-09-24T13:10:25","guid":{"rendered":"https:\/\/kimonojiujitsu.fr\/blog\/?p=4839"},"modified":"2025-09-24T16:25:22","modified_gmt":"2025-09-24T14:25:22","slug":"le-casque-mma-est-il-obligatoire-a-lentrainement","status":"publish","type":"post","link":"https:\/\/kimonojiujitsu.fr\/blog\/le-casque-mma-est-il-obligatoire-a-lentrainement\/","title":{"rendered":"Le casque MMA est-il obligatoire \u00e0 l\u2019entra\u00eenement ?"},"content":{"rendered":"\t\t<div data-elementor-type=\"wp-post\" data-elementor-id=\"4839\" class=\"elementor elementor-4839\" data-elementor-post-type=\"post\">\n\t\t\t\t\t\t<section class=\"elementor-section elementor-top-section elementor-element elementor-element-f34f0fd elementor-section-boxed elementor-section-height-default elementor-section-height-default\" data-id=\"f34f0fd\" data-element_type=\"section\">\n\t\t\t\t\t\t<div class=\"elementor-container elementor-column-gap-default\">\n\t\t\t\t\t<div class=\"elementor-column elementor-col-100 elementor-top-column elementor-element elementor-element-1750886\" data-id=\"1750886\" data-element_type=\"column\">\n\t\t\t<div class=\"elementor-widget-wrap elementor-element-populated\">\n\t\t\t\t\t\t<div class=\"elementor-element elementor-element-48a9e5b elementor-widget elementor-widget-text-editor\" data-id=\"48a9e5b\" data-element_type=\"widget\" data-widget_type=\"text-editor.default\">\n\t\t\t\t<div class=\"elementor-widget-container\">\n\t\t\t\t\t\t\t\t\t<p>Dans l&#8217;univers des arts <strong class=\"custom-bold\">martiaux mixtes<\/strong>, la question de la protection et de l&#8217;\u00e9quipement est primordiale. Les pratiquants et les d\u00e9butants se demandent souvent si le port du casque MMA est obligatoire \u00e0 l&#8217;entra\u00eenement. Bien que la r\u00e9ponse puisse varier selon les salles et les styles de combat, il est essentiel de comprendre que la s\u00e9curit\u00e9 du combattant est toujours la priorit\u00e9. Le MMA, un <strong class=\"custom-bold\">sport de combat<\/strong> intense, m\u00e9lange diff\u00e9rentes disciplines telles que la lutte, le <strong class=\"custom-bold\">Muay Thai<\/strong> ou la <strong class=\"custom-bold\">boxe anglaise<\/strong>, et expose les athl\u00e8tes \u00e0 un <strong class=\"custom-bold\">grand nombre<\/strong> de chocs. Dans ce contexte, le <strong class=\"custom-bold\">casque de protection<\/strong> n&#8217;est pas qu&#8217;un simple accessoire : il est un alli\u00e9 crucial pour pr\u00e9venir les blessures graves et les traumatismes, notamment au niveau de la t\u00eate et des oreilles.<\/p>\t\t\t\t\t\t\t\t<\/div>\n\t\t\t\t<\/div>\n\t\t\t\t\t<\/div>\n\t\t<\/div>\n\t\t\t\t\t<\/div>\n\t\t<\/section>\n\t\t\t\t<section class=\"elementor-section elementor-top-section elementor-element elementor-element-1bcbcac elementor-section-boxed elementor-section-height-default elementor-section-height-default\" data-id=\"1bcbcac\" data-element_type=\"section\" data-settings=\"{&quot;background_background&quot;:&quot;classic&quot;}\">\n\t\t\t\t\t\t<div class=\"elementor-container elementor-column-gap-default\">\n\t\t\t\t\t<div class=\"elementor-column elementor-col-100 elementor-top-column elementor-element elementor-element-abf473d\" data-id=\"abf473d\" data-element_type=\"column\">\n\t\t\t<div class=\"elementor-widget-wrap elementor-element-populated\">\n\t\t\t\t\t\t<div class=\"elementor-element elementor-element-33ddf87 elementor-widget elementor-widget-text-editor\" data-id=\"33ddf87\" data-element_type=\"widget\" data-widget_type=\"text-editor.default\">\n\t\t\t\t<div class=\"elementor-widget-container\">\n\t\t\t\t\t\t\t\t\t<p>\u2705 Le port du casque n&#8217;est g\u00e9n\u00e9ralement pas une obligation absolue en comp\u00e9tition amateur et il est interdit en professionnel, mais il est fortement recommand\u00e9, voire rendu obligatoire par de nombreux clubs et coachs pour certaines sessions d&#8217;entra\u00eenement, notamment le sparring. Son utilisation est cruciale pour la s\u00e9curit\u00e9 des pratiquants de tous niveaux, du d\u00e9butant au professionnel.<\/p>\t\t\t\t\t\t\t\t<\/div>\n\t\t\t\t<\/div>\n\t\t\t\t\t<\/div>\n\t\t<\/div>\n\t\t\t\t\t<\/div>\n\t\t<\/section>\n\t\t\t\t<section class=\"elementor-section elementor-top-section elementor-element elementor-element-15a8548 elementor-section-boxed elementor-section-height-default elementor-section-height-default\" data-id=\"15a8548\" data-element_type=\"section\">\n\t\t\t\t\t\t<div class=\"elementor-container elementor-column-gap-default\">\n\t\t\t\t\t<div class=\"elementor-column elementor-col-100 elementor-top-column elementor-element elementor-element-1c9fdf4\" data-id=\"1c9fdf4\" data-element_type=\"column\">\n\t\t\t<div class=\"elementor-widget-wrap elementor-element-populated\">\n\t\t\t\t\t\t<div class=\"elementor-element elementor-element-0912e35 elementor-widget elementor-widget-text-editor\" data-id=\"0912e35\" data-element_type=\"widget\" data-widget_type=\"text-editor.default\">\n\t\t\t\t<div class=\"elementor-widget-container\">\n\t\t\t\t\t\t\t\t\t<h2><strong>L&#8217;importance du casque de protection en MMA<\/strong><\/h2>\t\t\t\t\t\t\t\t<\/div>\n\t\t\t\t<\/div>\n\t\t\t\t\t<\/div>\n\t\t<\/div>\n\t\t\t\t\t<\/div>\n\t\t<\/section>\n\t\t\t\t<section class=\"elementor-section elementor-top-section elementor-element elementor-element-e9d9f02 elementor-section-boxed elementor-section-height-default elementor-section-height-default\" data-id=\"e9d9f02\" data-element_type=\"section\">\n\t\t\t\t\t\t<div class=\"elementor-container elementor-column-gap-default\">\n\t\t\t\t\t<div class=\"elementor-column elementor-col-100 elementor-top-column elementor-element elementor-element-d74f12a\" data-id=\"d74f12a\" data-element_type=\"column\">\n\t\t\t<div class=\"elementor-widget-wrap elementor-element-populated\">\n\t\t\t\t\t\t<div class=\"elementor-element elementor-element-5e75df9 elementor-widget elementor-widget-text-editor\" data-id=\"5e75df9\" data-element_type=\"widget\" data-widget_type=\"text-editor.default\">\n\t\t\t\t<div class=\"elementor-widget-container\">\n\t\t\t\t\t\t\t\t\t<p>La <strong class=\"custom-bold\">pratique du MMA<\/strong> est exigeante et les <strong class=\"custom-bold\">coups de poing<\/strong> et les <strong class=\"custom-bold\">coups de pied<\/strong> sont monnaie courante. Sans une protection ad\u00e9quate, le risque de <strong class=\"custom-bold\">commotion c\u00e9r\u00e9brale<\/strong>, de fractures nasales, de coupures ou d&#8217;otites du chou-fleur (h\u00e9matome de l&#8217;oreille) est consid\u00e9rablement augment\u00e9. Le <strong class=\"custom-bold\">casque de protection<\/strong> est sp\u00e9cifiquement con\u00e7u pour absorber et disperser l&#8217;impact des coups, r\u00e9duisant ainsi les risques de blessures.<\/p><h3>Types de casques et leurs caract\u00e9ristiques<\/h3><p>Il existe plusieurs types de casques, chacun ayant ses propres avantages et inconv\u00e9nients.<\/p><ul><li><p>Casque de boxe traditionnelle : Ce type de casque, bien que populaire, n&#8217;est pas id\u00e9al pour le MMA car il peut entraver la vision lat\u00e9rale et la <strong class=\"custom-bold\">libert\u00e9 de mouvement<\/strong> n\u00e9cessaire pour les phases de lutte et de <strong class=\"custom-bold\">combat au sol<\/strong>. Il est principalement con\u00e7u pour la <strong class=\"custom-bold\">boxe anglaise<\/strong> et les sports de frappe.<\/p><\/li><li><p><strong class=\"custom-bold\">Casque de MMA<\/strong> sp\u00e9cifique : Les casques de MMA sont sp\u00e9cialement con\u00e7us pour <strong class=\"custom-bold\">offrir une protection<\/strong> optimale tout en conservant un <strong class=\"custom-bold\">champ de vision<\/strong> large. Ils sont plus l\u00e9gers et permettent une meilleure mobilit\u00e9 pour les prises et les projections.<\/p><\/li><li><p>Casque avec barre de protection : Ce mod\u00e8le, aussi appel\u00e9 &#8220;casque avec grille&#8221;, offre une protection faciale compl\u00e8te, id\u00e9ale pour les pratiquants qui souhaitent \u00e9viter toute blessure au visage, mais son utilisation est rare en MMA et il est plut\u00f4t utilis\u00e9 en <strong class=\"custom-bold\">savate boxe fran\u00e7aise<\/strong> et en <strong class=\"custom-bold\">kick boxing<\/strong>.<\/p><\/li><li><p>Casque de type &#8220;Sparring&#8221; : Il offre un excellent compromis entre protection et confort, et il est particuli\u00e8rement utile pendant les sessions de sparring intenses.<\/p><\/li><\/ul><p><strong>En savoir plus :<\/strong> <a class=\"row-title\" href=\"https:\/\/kimonojiujitsu.fr\/blog\/quels-sont-les-differents-types-de-gants-en-mma\/\" aria-label=\"\u00ab\u00a0Quels sont les diff\u00e9rents types de gants en MMA ?\u00a0\u00bb (Modifier)\">Quels sont les diff\u00e9rents types de gants en MMA ?<\/a><\/p><table><thead><tr><th><strong>Caract\u00e9ristiques<\/strong><\/th><th><strong>Casque de Boxe<\/strong><\/th><th><strong>Casque de MMA<\/strong><\/th><\/tr><\/thead><tbody><tr><td><strong>Protection<\/strong><\/td><td>Protection frontale, lat\u00e9rale et des oreilles.<\/td><td>Protection t\u00eate, oreilles, m\u00e2choire.<\/td><\/tr><tr><td><strong>Champ de vision<\/strong><\/td><td>Limit\u00e9 sur les c\u00f4t\u00e9s<\/td><td>Large, adapt\u00e9 au combat au sol.<\/td><\/tr><tr><td><strong>Poids<\/strong><\/td><td>Plus lourd et encombrant.<\/td><td>Plus l\u00e9ger et ajust\u00e9.<\/td><\/tr><tr><td><strong>Utilisation<\/strong><\/td><td>Entra\u00eenement de boxe anglaise.<\/td><td>Entra\u00eenement de MMA, sparring.<\/td><\/tr><\/tbody><\/table><p><strong>En savoir plus :<\/strong> <a href=\"https:\/\/kimonojiujitsu.fr\/blog\/quelles-protections-choisir-pour-le-mma\/\">Quelles protections choisir pour le MMA ?\u00a0<\/a><\/p>\t\t\t\t\t\t\t\t<\/div>\n\t\t\t\t<\/div>\n\t\t\t\t\t<\/div>\n\t\t<\/div>\n\t\t\t\t\t<\/div>\n\t\t<\/section>\n\t\t\t\t<section class=\"elementor-section elementor-top-section elementor-element elementor-element-8826c74 elementor-section-boxed elementor-section-height-default elementor-section-height-default\" data-id=\"8826c74\" data-element_type=\"section\" data-settings=\"{&quot;background_background&quot;:&quot;classic&quot;}\">\n\t\t\t\t\t\t<div class=\"elementor-container elementor-column-gap-default\">\n\t\t\t\t\t<div class=\"elementor-column elementor-col-50 elementor-top-column elementor-element elementor-element-caf7f8d\" data-id=\"caf7f8d\" data-element_type=\"column\">\n\t\t\t<div class=\"elementor-widget-wrap elementor-element-populated\">\n\t\t\t\t\t\t<div class=\"elementor-element elementor-element-3f5e788 elementor-widget__width-initial elementor-widget elementor-widget-text-editor\" data-id=\"3f5e788\" data-element_type=\"widget\" data-widget_type=\"text-editor.default\">\n\t\t\t\t<div class=\"elementor-widget-container\">\n\t\t\t\t\t\t\t\t\t<p><strong>\u00c9QUIPEMENTS MMA<\/strong><\/p>\t\t\t\t\t\t\t\t<\/div>\n\t\t\t\t<\/div>\n\t\t\t\t<div class=\"elementor-element elementor-element-0057371 elementor-widget__width-initial elementor-widget elementor-widget-text-editor\" data-id=\"0057371\" data-element_type=\"widget\" data-widget_type=\"text-editor.default\">\n\t\t\t\t<div class=\"elementor-widget-container\">\n\t\t\t\t\t\t\t\t\t<p>Les meilleurs \u00e9quipements disponible <img decoding=\"async\" class=\"emoji\" role=\"img\" draggable=\"false\" src=\"https:\/\/s.w.org\/images\/core\/emoji\/16.0.1\/svg\/2705.svg\" alt=\"\u2705\" \/><\/p>\t\t\t\t\t\t\t\t<\/div>\n\t\t\t\t<\/div>\n\t\t\t\t<div class=\"elementor-element elementor-element-fb31cd2 elementor-widget__width-initial elementor-widget elementor-widget-text-editor\" data-id=\"fb31cd2\" data-element_type=\"widget\" data-widget_type=\"text-editor.default\">\n\t\t\t\t<div class=\"elementor-widget-container\">\n\t\t\t\t\t\t\t\t\t<p>Une large gamme de gants, casques &amp; prot\u00e8ge tibias pour les pratiquants qui d\u00e9sire un produits de qualit\u00e9 au moindre co\u00fbt.<\/p><ul><li>\u2714\ufe0e A Partir de 39.90\u20ac<\/li><li>\u2714\ufe0e Mat\u00e9riaux de Haute Qualit\u00e9<\/li><li>\u2714\ufe0e Ajustement Parfait<\/li><\/ul>\t\t\t\t\t\t\t\t<\/div>\n\t\t\t\t<\/div>\n\t\t\t\t<div class=\"elementor-element elementor-element-45adfd6 elementor-align-left elementor-widget elementor-widget-button\" data-id=\"45adfd6\" data-element_type=\"widget\" data-widget_type=\"button.default\">\n\t\t\t\t<div class=\"elementor-widget-container\">\n\t\t\t\t\t\t\t\t\t<div class=\"elementor-button-wrapper\">\n\t\t\t\t\t<a class=\"elementor-button elementor-button-link elementor-size-sm\" href=\"https:\/\/kimonojiujitsu.fr\/fr\/384-mma\">\n\t\t\t\t\t\t<span class=\"elementor-button-content-wrapper\">\n\t\t\t\t\t\t\t\t\t<span class=\"elementor-button-text\">D\u00e9couvre ici !<\/span>\n\t\t\t\t\t<\/span>\n\t\t\t\t\t<\/a>\n\t\t\t\t<\/div>\n\t\t\t\t\t\t\t\t<\/div>\n\t\t\t\t<\/div>\n\t\t\t\t<div class=\"elementor-element elementor-element-b842a3c elementor-widget elementor-widget-text-editor\" data-id=\"b842a3c\" data-element_type=\"widget\" data-widget_type=\"text-editor.default\">\n\t\t\t\t<div class=\"elementor-widget-container\">\n\t\t\t\t\t\t\t\t\t<p>\u00a0 \u00a0 \ud83d\udca1 <em>Plus de 100 mod\u00e8les &amp; des promotions exclusive<\/em><\/p>\t\t\t\t\t\t\t\t<\/div>\n\t\t\t\t<\/div>\n\t\t\t\t\t<\/div>\n\t\t<\/div>\n\t\t\t\t<div class=\"elementor-column elementor-col-50 elementor-top-column elementor-element elementor-element-75d2795\" data-id=\"75d2795\" data-element_type=\"column\">\n\t\t\t<div class=\"elementor-widget-wrap elementor-element-populated\">\n\t\t\t\t\t\t<div class=\"elementor-element elementor-element-e55841e elementor-widget elementor-widget-image\" data-id=\"e55841e\" data-element_type=\"widget\" data-widget_type=\"image.default\">\n\t\t\t\t<div class=\"elementor-widget-container\">\n\t\t\t\t\t\t\t\t\t\t\t\t\t\t\t<img decoding=\"async\" src=\"https:\/\/kimonojiujitsu.fr\/blog\/wp-content\/uploads\/elementor\/thumbs\/equipement-mma-2-rbxzau7mq9tgomrq730qhrqw2yqq6qevmn74zwff2s.png\" title=\"equipement mma\" alt=\"equipement mma\" loading=\"lazy\" \/>\t\t\t\t\t\t\t\t\t\t\t\t\t\t\t<\/div>\n\t\t\t\t<\/div>\n\t\t\t\t\t<\/div>\n\t\t<\/div>\n\t\t\t\t\t<\/div>\n\t\t<\/section>\n\t\t\t\t<section class=\"elementor-section elementor-top-section elementor-element elementor-element-5599b26 elementor-section-boxed elementor-section-height-default elementor-section-height-default\" data-id=\"5599b26\" data-element_type=\"section\">\n\t\t\t\t\t\t<div class=\"elementor-container elementor-column-gap-default\">\n\t\t\t\t\t<div class=\"elementor-column elementor-col-100 elementor-top-column elementor-element elementor-element-8dd5a3a\" data-id=\"8dd5a3a\" data-element_type=\"column\">\n\t\t\t<div class=\"elementor-widget-wrap elementor-element-populated\">\n\t\t\t\t\t\t<div class=\"elementor-element elementor-element-544ef33 elementor-widget elementor-widget-text-editor\" data-id=\"544ef33\" data-element_type=\"widget\" data-widget_type=\"text-editor.default\">\n\t\t\t\t<div class=\"elementor-widget-container\">\n\t\t\t\t\t\t\t\t\t<h3><strong>Quelles sont les r\u00e8gles concernant le port du casque en comp\u00e9tition MMA ?<\/strong><\/h3>\n<p>Le port du casque est strictement interdit dans les comp\u00e9titions professionnelles de MMA, y compris dans des organisations comme l&#8217;UFC ou le Bellator. Cette r\u00e8gle est en place pour des raisons de visibilit\u00e9, de s\u00e9curit\u00e9 (le casque pourrait g\u00eaner ou \u00eatre utilis\u00e9 pour causer des blessures), et pour que le combat soit jug\u00e9 sur la capacit\u00e9 technique des combattants \u00e0 se d\u00e9fendre et \u00e0 attaquer sans protection suppl\u00e9mentaire. Cependant, dans les comp\u00e9titions amateurs, et en particulier pour les juniors, le port du casque est souvent une obligation, dict\u00e9e par les f\u00e9d\u00e9rations sportives pour minimiser les risques de traumatismes et de blessures graves, notamment au niveau de la t\u00eate et des oreilles.<\/p>\t\t\t\t\t\t\t\t<\/div>\n\t\t\t\t<\/div>\n\t\t\t\t\t<\/div>\n\t\t<\/div>\n\t\t\t\t\t<\/div>\n\t\t<\/section>\n\t\t\t\t<section class=\"elementor-section elementor-top-section elementor-element elementor-element-b75ab97 elementor-section-boxed elementor-section-height-default elementor-section-height-default\" data-id=\"b75ab97\" data-element_type=\"section\">\n\t\t\t\t\t\t<div class=\"elementor-container elementor-column-gap-default\">\n\t\t\t\t\t<div class=\"elementor-column elementor-col-100 elementor-top-column elementor-element elementor-element-99ceb0b\" data-id=\"99ceb0b\" data-element_type=\"column\">\n\t\t\t<div class=\"elementor-widget-wrap elementor-element-populated\">\n\t\t\t\t\t\t<div class=\"elementor-element elementor-element-3dbb0a2 elementor-widget elementor-widget-text-editor\" data-id=\"3dbb0a2\" data-element_type=\"widget\" data-widget_type=\"text-editor.default\">\n\t\t\t\t<div class=\"elementor-widget-container\">\n\t\t\t\t\t\t\t\t\t<h2><strong>Conseils pour choisir votre casque de MMA<\/strong><\/h2><p>Le choix de votre <strong class=\"custom-bold\">casque de MMA<\/strong> est un investissement dans votre sant\u00e9 et votre progression. Voici quelques crit\u00e8res pour vous aider \u00e0 faire le bon choix :<\/p><ul><li><p>Mat\u00e9riaux : Privil\u00e9giez un casque en cuir de haute qualit\u00e9 ou en similicuir r\u00e9sistant, avec une mousse dense pour une absorption des chocs maximale. La qualit\u00e9 des mat\u00e9riaux garantit la durabilit\u00e9 de votre \u00e9quipement.<\/p><\/li><li><p>Ajustement et confort : Le casque doit \u00eatre parfaitement ajust\u00e9 \u00e0 votre t\u00eate, sans \u00eatre trop serr\u00e9 ni trop l\u00e2che. V\u00e9rifiez les syst\u00e8mes de fermeture (velcro, lacets) pour un maintien optimal pendant l&#8217;entra\u00eenement. Il est crucial que votre casque n&#8217;entrave pas votre <strong class=\"custom-bold\">champ de vision<\/strong>.<\/p><\/li><li><p>Protection : Assurez-vous que le casque couvre bien les zones vuln\u00e9rables comme les tempes, les joues, le menton et l&#8217;arri\u00e8re de la t\u00eate.<\/p><\/li><\/ul><p><strong>En savoir plus :<\/strong> <a href=\"https:\/\/kimonojiujitsu.fr\/blog\/quels-protege-tibias-mma-sont-autorises-en-competition\/\">Quels prot\u00e8ge-tibias MMA sont autoris\u00e9s en comp\u00e9tition ?<\/a><\/p>\t\t\t\t\t\t\t\t<\/div>\n\t\t\t\t<\/div>\n\t\t\t\t\t<\/div>\n\t\t<\/div>\n\t\t\t\t\t<\/div>\n\t\t<\/section>\n\t\t\t\t<section class=\"elementor-section elementor-top-section elementor-element elementor-element-c2a9943 elementor-section-boxed elementor-section-height-default elementor-section-height-default\" data-id=\"c2a9943\" data-element_type=\"section\">\n\t\t\t\t\t\t<div class=\"elementor-container elementor-column-gap-default\">\n\t\t\t\t\t<div class=\"elementor-column elementor-col-100 elementor-top-column elementor-element elementor-element-042a24c\" data-id=\"042a24c\" data-element_type=\"column\">\n\t\t\t<div class=\"elementor-widget-wrap elementor-element-populated\">\n\t\t\t\t\t\t<div class=\"elementor-element elementor-element-0b87e32 elementor-widget elementor-widget-image\" data-id=\"0b87e32\" data-element_type=\"widget\" data-widget_type=\"image.default\">\n\t\t\t\t<div class=\"elementor-widget-container\">\n\t\t\t\t\t\t\t\t\t\t\t\t\t\t\t<img fetchpriority=\"high\" decoding=\"async\" width=\"800\" height=\"535\" src=\"https:\/\/kimonojiujitsu.fr\/blog\/wp-content\/uploads\/2025\/09\/Capture-decran-2025-09-24-151603-1024x685.jpg\" class=\"attachment-large size-large wp-image-4842\" alt=\"Un combattant de MMA portant un casque de protection noir \u00e0 l&#039;entra\u00eenement.\" srcset=\"https:\/\/kimonojiujitsu.fr\/blog\/wp-content\/uploads\/2025\/09\/Capture-decran-2025-09-24-151603-1024x685.jpg 1024w, https:\/\/kimonojiujitsu.fr\/blog\/wp-content\/uploads\/2025\/09\/Capture-decran-2025-09-24-151603-300x201.jpg 300w, https:\/\/kimonojiujitsu.fr\/blog\/wp-content\/uploads\/2025\/09\/Capture-decran-2025-09-24-151603-768x514.jpg 768w, https:\/\/kimonojiujitsu.fr\/blog\/wp-content\/uploads\/2025\/09\/Capture-decran-2025-09-24-151603.jpg 1248w\" sizes=\"(max-width: 800px) 100vw, 800px\" \/>\t\t\t\t\t\t\t\t\t\t\t\t\t\t\t<\/div>\n\t\t\t\t<\/div>\n\t\t\t\t\t<\/div>\n\t\t<\/div>\n\t\t\t\t\t<\/div>\n\t\t<\/section>\n\t\t\t\t<section class=\"elementor-section elementor-top-section elementor-element elementor-element-dc10749 elementor-section-boxed elementor-section-height-default elementor-section-height-default\" data-id=\"dc10749\" data-element_type=\"section\">\n\t\t\t\t\t\t<div class=\"elementor-container elementor-column-gap-default\">\n\t\t\t\t\t<div class=\"elementor-column elementor-col-100 elementor-top-column elementor-element elementor-element-20d3334\" data-id=\"20d3334\" data-element_type=\"column\">\n\t\t\t<div class=\"elementor-widget-wrap elementor-element-populated\">\n\t\t\t\t\t\t<div class=\"elementor-element elementor-element-7744091 elementor-widget elementor-widget-text-editor\" data-id=\"7744091\" data-element_type=\"widget\" data-widget_type=\"text-editor.default\">\n\t\t\t\t<div class=\"elementor-widget-container\">\n\t\t\t\t\t\t\t\t\t<h2 data-pasted=\"true\"><strong>Conclusion<\/strong><\/h2>\t\t\t\t\t\t\t\t<\/div>\n\t\t\t\t<\/div>\n\t\t\t\t<div class=\"elementor-element elementor-element-e1f8676 elementor-widget elementor-widget-text-editor\" data-id=\"e1f8676\" data-element_type=\"widget\" data-widget_type=\"text-editor.default\">\n\t\t\t\t<div class=\"elementor-widget-container\">\n\t\t\t\t\t\t\t\t\t<p>En conclusion, bien que le <strong class=\"custom-bold\">casque de MMA<\/strong> ne soit pas toujours une obligation formelle, son utilisation \u00e0 l&#8217;entra\u00eenement est vivement recommand\u00e9e. Il est un \u00e9quipement essentiel qui garantit la s\u00e9curit\u00e9 du pratiquant, r\u00e9duisant consid\u00e9rablement le risque de blessures et de traumatismes \u00e0 la t\u00eate. Un <strong class=\"custom-bold\">casque de protection<\/strong> de bonne qualit\u00e9, adapt\u00e9 \u00e0 votre morphologie et \u00e0 votre <strong class=\"custom-bold\">style de combat<\/strong>, est un investissement crucial pour la long\u00e9vit\u00e9 de votre carri\u00e8re sportive et pour votre sant\u00e9 \u00e0 long terme. Ne n\u00e9gligez jamais l&#8217;importance d&#8217;un\u00a0<strong class=\"custom-bold\">\u00e9quipement de protection<\/strong> de qualit\u00e9. Pensez \u00e0 votre sant\u00e9 \u00e0 long terme.<\/p>\t\t\t\t\t\t\t\t<\/div>\n\t\t\t\t<\/div>\n\t\t\t\t\t<\/div>\n\t\t<\/div>\n\t\t\t\t\t<\/div>\n\t\t<\/section>\n\t\t\t\t<\/div>\n\t\t","protected":false},"excerpt":{"rendered":"<p>Dans l&#8217;univers des arts martiaux mixtes, la question de la protection et de l&#8217;\u00e9quipement est primordiale. Les pratiquants et les d\u00e9butants se demandent souvent si le port du casque MMA est obligatoire \u00e0 l&#8217;entra\u00eenement. Bien que la r\u00e9ponse puisse varier selon les salles et les styles de combat, il est essentiel de comprendre que la [&hellip;]<\/p>\n","protected":false},"author":2,"featured_media":0,"comment_status":"open","ping_status":"open","sticky":false,"template":"","format":"standard","meta":{"footnotes":""},"categories":[3],"tags":[],"class_list":["post-4839","post","type-post","status-publish","format-standard","hentry","category-mma"],"yoast_head":"<!-- This site is optimized with the Yoast SEO plugin v26.0 - https:\/\/yoast.com\/wordpress\/plugins\/seo\/ -->\n<title>Le casque MMA est-il obligatoire \u00e0 l\u2019entra\u00eenement ? - UFW Blog<\/title>\n<meta name=\"robots\" content=\"index, follow, max-snippet:-1, max-image-preview:large, max-video-preview:-1\" \/>\n<link rel=\"canonical\" href=\"https:\/\/kimonojiujitsu.fr\/blog\/le-casque-mma-est-il-obligatoire-a-lentrainement\/\" \/>\n<meta property=\"og:locale\" content=\"en_US\" \/>\n<meta property=\"og:type\" content=\"article\" \/>\n<meta property=\"og:title\" content=\"Le casque MMA est-il obligatoire \u00e0 l\u2019entra\u00eenement ? - UFW Blog\" \/>\n<meta property=\"og:description\" content=\"Dans l&#8217;univers des arts martiaux mixtes, la question de la protection et de l&#8217;\u00e9quipement est primordiale. Les pratiquants et les d\u00e9butants se demandent souvent si le port du casque MMA est obligatoire \u00e0 l&#8217;entra\u00eenement. Bien que la r\u00e9ponse puisse varier selon les salles et les styles de combat, il est essentiel de comprendre que la [&hellip;]\" \/>\n<meta property=\"og:url\" content=\"https:\/\/kimonojiujitsu.fr\/blog\/le-casque-mma-est-il-obligatoire-a-lentrainement\/\" \/>\n<meta property=\"og:site_name\" content=\"UFW Blog\" \/>\n<meta property=\"article:published_time\" content=\"2025-09-24T13:10:25+00:00\" \/>\n<meta property=\"article:modified_time\" content=\"2025-09-24T14:25:22+00:00\" \/>\n<meta property=\"og:image\" content=\"https:\/\/s.w.org\/images\/core\/emoji\/16.0.1\/svg\/2705.svg\" \/>\n<meta name=\"author\" content=\"Eric Celio\" \/>\n<meta name=\"twitter:card\" content=\"summary_large_image\" \/>\n<meta name=\"twitter:label1\" content=\"Written by\" \/>\n\t<meta name=\"twitter:data1\" content=\"Eric Celio\" \/>\n\t<meta name=\"twitter:label2\" content=\"Est. reading time\" \/>\n\t<meta name=\"twitter:data2\" content=\"5 minutes\" \/>\n<script type=\"application\/ld+json\" class=\"yoast-schema-graph\">{\"@context\":\"https:\/\/schema.org\",\"@graph\":[{\"@type\":\"Article\",\"@id\":\"https:\/\/kimonojiujitsu.fr\/blog\/le-casque-mma-est-il-obligatoire-a-lentrainement\/#article\",\"isPartOf\":{\"@id\":\"https:\/\/kimonojiujitsu.fr\/blog\/le-casque-mma-est-il-obligatoire-a-lentrainement\/\"},\"author\":{\"name\":\"Eric Celio\",\"@id\":\"https:\/\/kimonojiujitsu.fr\/blog\/#\/schema\/person\/f4d5b720aaeba56299133e20b1e4e995\"},\"headline\":\"Le casque MMA est-il obligatoire \u00e0 l\u2019entra\u00eenement ?\",\"datePublished\":\"2025-09-24T13:10:25+00:00\",\"dateModified\":\"2025-09-24T14:25:22+00:00\",\"mainEntityOfPage\":{\"@id\":\"https:\/\/kimonojiujitsu.fr\/blog\/le-casque-mma-est-il-obligatoire-a-lentrainement\/\"},\"wordCount\":1022,\"commentCount\":0,\"publisher\":{\"@id\":\"https:\/\/kimonojiujitsu.fr\/blog\/#organization\"},\"image\":{\"@id\":\"https:\/\/kimonojiujitsu.fr\/blog\/le-casque-mma-est-il-obligatoire-a-lentrainement\/#primaryimage\"},\"thumbnailUrl\":\"https:\/\/s.w.org\/images\/core\/emoji\/16.0.1\/svg\/2705.svg\",\"articleSection\":[\"MMA\"],\"inLanguage\":\"en-US\",\"potentialAction\":[{\"@type\":\"CommentAction\",\"name\":\"Comment\",\"target\":[\"https:\/\/kimonojiujitsu.fr\/blog\/le-casque-mma-est-il-obligatoire-a-lentrainement\/#respond\"]}]},{\"@type\":\"WebPage\",\"@id\":\"https:\/\/kimonojiujitsu.fr\/blog\/le-casque-mma-est-il-obligatoire-a-lentrainement\/\",\"url\":\"https:\/\/kimonojiujitsu.fr\/blog\/le-casque-mma-est-il-obligatoire-a-lentrainement\/\",\"name\":\"Le casque MMA est-il obligatoire \u00e0 l\u2019entra\u00eenement ? - UFW Blog\",\"isPartOf\":{\"@id\":\"https:\/\/kimonojiujitsu.fr\/blog\/#website\"},\"primaryImageOfPage\":{\"@id\":\"https:\/\/kimonojiujitsu.fr\/blog\/le-casque-mma-est-il-obligatoire-a-lentrainement\/#primaryimage\"},\"image\":{\"@id\":\"https:\/\/kimonojiujitsu.fr\/blog\/le-casque-mma-est-il-obligatoire-a-lentrainement\/#primaryimage\"},\"thumbnailUrl\":\"https:\/\/s.w.org\/images\/core\/emoji\/16.0.1\/svg\/2705.svg\",\"datePublished\":\"2025-09-24T13:10:25+00:00\",\"dateModified\":\"2025-09-24T14:25:22+00:00\",\"breadcrumb\":{\"@id\":\"https:\/\/kimonojiujitsu.fr\/blog\/le-casque-mma-est-il-obligatoire-a-lentrainement\/#breadcrumb\"},\"inLanguage\":\"en-US\",\"potentialAction\":[{\"@type\":\"ReadAction\",\"target\":[\"https:\/\/kimonojiujitsu.fr\/blog\/le-casque-mma-est-il-obligatoire-a-lentrainement\/\"]}]},{\"@type\":\"ImageObject\",\"inLanguage\":\"en-US\",\"@id\":\"https:\/\/kimonojiujitsu.fr\/blog\/le-casque-mma-est-il-obligatoire-a-lentrainement\/#primaryimage\",\"url\":\"https:\/\/s.w.org\/images\/core\/emoji\/16.0.1\/svg\/2705.svg\",\"contentUrl\":\"https:\/\/s.w.org\/images\/core\/emoji\/16.0.1\/svg\/2705.svg\"},{\"@type\":\"BreadcrumbList\",\"@id\":\"https:\/\/kimonojiujitsu.fr\/blog\/le-casque-mma-est-il-obligatoire-a-lentrainement\/#breadcrumb\",\"itemListElement\":[{\"@type\":\"ListItem\",\"position\":1,\"name\":\"Accueil\",\"item\":\"https:\/\/kimonojiujitsu.fr\/blog\/\"},{\"@type\":\"ListItem\",\"position\":2,\"name\":\"Le casque MMA est-il obligatoire \u00e0 l\u2019entra\u00eenement ?\"}]},{\"@type\":\"WebSite\",\"@id\":\"https:\/\/kimonojiujitsu.fr\/blog\/#website\",\"url\":\"https:\/\/kimonojiujitsu.fr\/blog\/\",\"name\":\"UFW\",\"description\":\"Blog de Sports de Combats\",\"publisher\":{\"@id\":\"https:\/\/kimonojiujitsu.fr\/blog\/#organization\"},\"potentialAction\":[{\"@type\":\"SearchAction\",\"target\":{\"@type\":\"EntryPoint\",\"urlTemplate\":\"https:\/\/kimonojiujitsu.fr\/blog\/?s={search_term_string}\"},\"query-input\":{\"@type\":\"PropertyValueSpecification\",\"valueRequired\":true,\"valueName\":\"search_term_string\"}}],\"inLanguage\":\"en-US\"},{\"@type\":\"Organization\",\"@id\":\"https:\/\/kimonojiujitsu.fr\/blog\/#organization\",\"name\":\"UFW\",\"url\":\"https:\/\/kimonojiujitsu.fr\/blog\/\",\"logo\":{\"@type\":\"ImageObject\",\"inLanguage\":\"en-US\",\"@id\":\"https:\/\/kimonojiujitsu.fr\/blog\/#\/schema\/logo\/image\/\",\"url\":\"https:\/\/kimonojiujitsu.fr\/blog\/wp-content\/uploads\/2020\/08\/new-Logo-PNG-UFW.png\",\"contentUrl\":\"https:\/\/kimonojiujitsu.fr\/blog\/wp-content\/uploads\/2020\/08\/new-Logo-PNG-UFW.png\",\"width\":768,\"height\":256,\"caption\":\"UFW\"},\"image\":{\"@id\":\"https:\/\/kimonojiujitsu.fr\/blog\/#\/schema\/logo\/image\/\"}},{\"@type\":\"Person\",\"@id\":\"https:\/\/kimonojiujitsu.fr\/blog\/#\/schema\/person\/f4d5b720aaeba56299133e20b1e4e995\",\"name\":\"Eric Celio\",\"image\":{\"@type\":\"ImageObject\",\"inLanguage\":\"en-US\",\"@id\":\"https:\/\/kimonojiujitsu.fr\/blog\/#\/schema\/person\/image\/\",\"url\":\"https:\/\/secure.gravatar.com\/avatar\/0560bfb18581b7532b95a34cc8cd85655e19a43da6d29f9a14d1a0dbe237c3d5?s=96&d=mm&r=g\",\"contentUrl\":\"https:\/\/secure.gravatar.com\/avatar\/0560bfb18581b7532b95a34cc8cd85655e19a43da6d29f9a14d1a0dbe237c3d5?s=96&d=mm&r=g\",\"caption\":\"Eric Celio\"},\"url\":\"https:\/\/kimonojiujitsu.fr\/blog\/author\/eric-celio\/\"}]}<\/script>\n<!-- \/ Yoast SEO plugin. -->","yoast_head_json":{"title":"Le casque MMA est-il obligatoire \u00e0 l\u2019entra\u00eenement ? - UFW Blog","robots":{"index":"index","follow":"follow","max-snippet":"max-snippet:-1","max-image-preview":"max-image-preview:large","max-video-preview":"max-video-preview:-1"},"canonical":"https:\/\/kimonojiujitsu.fr\/blog\/le-casque-mma-est-il-obligatoire-a-lentrainement\/","og_locale":"en_US","og_type":"article","og_title":"Le casque MMA est-il obligatoire \u00e0 l\u2019entra\u00eenement ? - UFW Blog","og_description":"Dans l&#8217;univers des arts martiaux mixtes, la question de la protection et de l&#8217;\u00e9quipement est primordiale. Les pratiquants et les d\u00e9butants se demandent souvent si le port du casque MMA est obligatoire \u00e0 l&#8217;entra\u00eenement. Bien que la r\u00e9ponse puisse varier selon les salles et les styles de combat, il est essentiel de comprendre que la [&hellip;]","og_url":"https:\/\/kimonojiujitsu.fr\/blog\/le-casque-mma-est-il-obligatoire-a-lentrainement\/","og_site_name":"UFW Blog","article_published_time":"2025-09-24T13:10:25+00:00","article_modified_time":"2025-09-24T14:25:22+00:00","og_image":[{"url":"https:\/\/s.w.org\/images\/core\/emoji\/16.0.1\/svg\/2705.svg","type":"","width":"","height":""}],"author":"Eric Celio","twitter_card":"summary_large_image","twitter_misc":{"Written by":"Eric Celio","Est. reading time":"5 minutes"},"schema":{"@context":"https:\/\/schema.org","@graph":[{"@type":"Article","@id":"https:\/\/kimonojiujitsu.fr\/blog\/le-casque-mma-est-il-obligatoire-a-lentrainement\/#article","isPartOf":{"@id":"https:\/\/kimonojiujitsu.fr\/blog\/le-casque-mma-est-il-obligatoire-a-lentrainement\/"},"author":{"name":"Eric Celio","@id":"https:\/\/kimonojiujitsu.fr\/blog\/#\/schema\/person\/f4d5b720aaeba56299133e20b1e4e995"},"headline":"Le casque MMA est-il obligatoire \u00e0 l\u2019entra\u00eenement ?","datePublished":"2025-09-24T13:10:25+00:00","dateModified":"2025-09-24T14:25:22+00:00","mainEntityOfPage":{"@id":"https:\/\/kimonojiujitsu.fr\/blog\/le-casque-mma-est-il-obligatoire-a-lentrainement\/"},"wordCount":1022,"commentCount":0,"publisher":{"@id":"https:\/\/kimonojiujitsu.fr\/blog\/#organization"},"image":{"@id":"https:\/\/kimonojiujitsu.fr\/blog\/le-casque-mma-est-il-obligatoire-a-lentrainement\/#primaryimage"},"thumbnailUrl":"https:\/\/s.w.org\/images\/core\/emoji\/16.0.1\/svg\/2705.svg","articleSection":["MMA"],"inLanguage":"en-US","potentialAction":[{"@type":"CommentAction","name":"Comment","target":["https:\/\/kimonojiujitsu.fr\/blog\/le-casque-mma-est-il-obligatoire-a-lentrainement\/#respond"]}]},{"@type":"WebPage","@id":"https:\/\/kimonojiujitsu.fr\/blog\/le-casque-mma-est-il-obligatoire-a-lentrainement\/","url":"https:\/\/kimonojiujitsu.fr\/blog\/le-casque-mma-est-il-obligatoire-a-lentrainement\/","name":"Le casque MMA est-il obligatoire \u00e0 l\u2019entra\u00eenement ? - UFW Blog","isPartOf":{"@id":"https:\/\/kimonojiujitsu.fr\/blog\/#website"},"primaryImageOfPage":{"@id":"https:\/\/kimonojiujitsu.fr\/blog\/le-casque-mma-est-il-obligatoire-a-lentrainement\/#primaryimage"},"image":{"@id":"https:\/\/kimonojiujitsu.fr\/blog\/le-casque-mma-est-il-obligatoire-a-lentrainement\/#primaryimage"},"thumbnailUrl":"https:\/\/s.w.org\/images\/core\/emoji\/16.0.1\/svg\/2705.svg","datePublished":"2025-09-24T13:10:25+00:00","dateModified":"2025-09-24T14:25:22+00:00","breadcrumb":{"@id":"https:\/\/kimonojiujitsu.fr\/blog\/le-casque-mma-est-il-obligatoire-a-lentrainement\/#breadcrumb"},"inLanguage":"en-US","potentialAction":[{"@type":"ReadAction","target":["https:\/\/kimonojiujitsu.fr\/blog\/le-casque-mma-est-il-obligatoire-a-lentrainement\/"]}]},{"@type":"ImageObject","inLanguage":"en-US","@id":"https:\/\/kimonojiujitsu.fr\/blog\/le-casque-mma-est-il-obligatoire-a-lentrainement\/#primaryimage","url":"https:\/\/s.w.org\/images\/core\/emoji\/16.0.1\/svg\/2705.svg","contentUrl":"https:\/\/s.w.org\/images\/core\/emoji\/16.0.1\/svg\/2705.svg"},{"@type":"BreadcrumbList","@id":"https:\/\/kimonojiujitsu.fr\/blog\/le-casque-mma-est-il-obligatoire-a-lentrainement\/#breadcrumb","itemListElement":[{"@type":"ListItem","position":1,"name":"Accueil","item":"https:\/\/kimonojiujitsu.fr\/blog\/"},{"@type":"ListItem","position":2,"name":"Le casque MMA est-il obligatoire \u00e0 l\u2019entra\u00eenement ?"}]},{"@type":"WebSite","@id":"https:\/\/kimonojiujitsu.fr\/blog\/#website","url":"https:\/\/kimonojiujitsu.fr\/blog\/","name":"UFW","description":"Blog de Sports de Combats","publisher":{"@id":"https:\/\/kimonojiujitsu.fr\/blog\/#organization"},"potentialAction":[{"@type":"SearchAction","target":{"@type":"EntryPoint","urlTemplate":"https:\/\/kimonojiujitsu.fr\/blog\/?s={search_term_string}"},"query-input":{"@type":"PropertyValueSpecification","valueRequired":true,"valueName":"search_term_string"}}],"inLanguage":"en-US"},{"@type":"Organization","@id":"https:\/\/kimonojiujitsu.fr\/blog\/#organization","name":"UFW","url":"https:\/\/kimonojiujitsu.fr\/blog\/","logo":{"@type":"ImageObject","inLanguage":"en-US","@id":"https:\/\/kimonojiujitsu.fr\/blog\/#\/schema\/logo\/image\/","url":"https:\/\/kimonojiujitsu.fr\/blog\/wp-content\/uploads\/2020\/08\/new-Logo-PNG-UFW.png","contentUrl":"https:\/\/kimonojiujitsu.fr\/blog\/wp-content\/uploads\/2020\/08\/new-Logo-PNG-UFW.png","width":768,"height":256,"caption":"UFW"},"image":{"@id":"https:\/\/kimonojiujitsu.fr\/blog\/#\/schema\/logo\/image\/"}},{"@type":"Person","@id":"https:\/\/kimonojiujitsu.fr\/blog\/#\/schema\/person\/f4d5b720aaeba56299133e20b1e4e995","name":"Eric Celio","image":{"@type":"ImageObject","inLanguage":"en-US","@id":"https:\/\/kimonojiujitsu.fr\/blog\/#\/schema\/person\/image\/","url":"https:\/\/secure.gravatar.com\/avatar\/0560bfb18581b7532b95a34cc8cd85655e19a43da6d29f9a14d1a0dbe237c3d5?s=96&d=mm&r=g","contentUrl":"https:\/\/secure.gravatar.com\/avatar\/0560bfb18581b7532b95a34cc8cd85655e19a43da6d29f9a14d1a0dbe237c3d5?s=96&d=mm&r=g","caption":"Eric Celio"},"url":"https:\/\/kimonojiujitsu.fr\/blog\/author\/eric-celio\/"}]}},"_links":{"self":[{"href":"https:\/\/kimonojiujitsu.fr\/blog\/wp-json\/wp\/v2\/posts\/4839","targetHints":{"allow":["GET"]}}],"collection":[{"href":"https:\/\/kimonojiujitsu.fr\/blog\/wp-json\/wp\/v2\/posts"}],"about":[{"href":"https:\/\/kimonojiujitsu.fr\/blog\/wp-json\/wp\/v2\/types\/post"}],"author":[{"embeddable":true,"href":"https:\/\/kimonojiujitsu.fr\/blog\/wp-json\/wp\/v2\/users\/2"}],"replies":[{"embeddable":true,"href":"https:\/\/kimonojiujitsu.fr\/blog\/wp-json\/wp\/v2\/comments?post=4839"}],"version-history":[{"count":10,"href":"https:\/\/kimonojiujitsu.fr\/blog\/wp-json\/wp\/v2\/posts\/4839\/revisions"}],"predecessor-version":[{"id":4893,"href":"https:\/\/kimonojiujitsu.fr\/blog\/wp-json\/wp\/v2\/posts\/4839\/revisions\/4893"}],"wp:attachment":[{"href":"https:\/\/kimonojiujitsu.fr\/blog\/wp-json\/wp\/v2\/media?parent=4839"}],"wp:term":[{"taxonomy":"category","embeddable":true,"href":"https:\/\/kimonojiujitsu.fr\/blog\/wp-json\/wp\/v2\/categories?post=4839"},{"taxonomy":"post_tag","embeddable":true,"href":"https:\/\/kimonojiujitsu.fr\/blog\/wp-json\/wp\/v2\/tags?post=4839"}],"curies":[{"name":"wp","href":"https:\/\/api.w.org\/{rel}","templated":true}]}}